{"id":254,"date":"2020-07-28T16:29:43","date_gmt":"2020-07-28T16:29:43","guid":{"rendered":"http:\/\/is-obrigheim.de\/?p=254"},"modified":"2020-09-16T17:23:27","modified_gmt":"2020-09-16T17:23:27","slug":"is-ferienprogramm-2020","status":"publish","type":"post","link":"https:\/\/is-obrigheim.de\/?p=254","title":{"rendered":"iS-Ferienprogramm 2020"},"content":{"rendered":"\n<div class=\"wp-block-image\"><figure class=\"aligncenter size-large is-resized\"><img decoding=\"async\" loading=\"lazy\" src=\"https:\/\/is-obrigheim.de\/wp-content\/uploads\/2020\/08\/Luttenbachschlucht-Bild-schmal.jpg\" alt=\"\" class=\"wp-image-308\" width=\"397\" height=\"357\" srcset=\"https:\/\/is-obrigheim.de\/wp-content\/uploads\/2020\/08\/Luttenbachschlucht-Bild-schmal.jpg 903w, https:\/\/is-obrigheim.de\/wp-content\/uploads\/2020\/08\/Luttenbachschlucht-Bild-schmal-300x270.jpg 300w, https:\/\/is-obrigheim.de\/wp-content\/uploads\/2020\/08\/Luttenbachschlucht-Bild-schmal-768x691.jpg 768w\" sizes=\"(max-width: 397px) 100vw, 397px\" \/><\/figure><\/div>\n\n\n\n<h2 class=\"has-text-align-center wp-block-heading\">oder<br>&#8220;Was macht Ihr denn so in den Ferien?&#8221;<\/h2>\n\n\n\n<p class=\"has-text-color has-text-align-center has-very-dark-gray-color\">In den letzten Wochen haben sich einige Obrigheimer ideenSchmiede zusammengefunden, um zu diskutieren, welche Aktivit\u00e4ten wir den Daheimgebliebenen in den Sommerferien anbieten k\u00f6nnten. Herausgekommen ist das folgende Angebot, f\u00fcr das man sich ab sofort anmelden kann (Kontaktdaten siehe unten).<\/p>\n\n\n\n<hr class=\"wp-block-separator\"\/>\n\n\n\n<figure class=\"wp-block-video\"><video controls src=\"https:\/\/is-obrigheim.de\/wp-content\/uploads\/2020\/08\/Entdeckerspiel.mp4\"><\/video><\/figure>\n\n\n\n<p class=\"has-text-color has-background has-very-dark-gray-color has-pale-cyan-blue-background-color\"><strong>1) <\/strong><u><strong>30. Juli bis 12. September &#8211; Obrigheimer Entdeckerspiel<\/strong><\/u><br>Nach Neckarelz\/Diedesheimer Vorbild kann man \u00fcber die gesamten Sommerferien hinweg in Obrigheim verschiedene Verstecke mit Hinweisen zum jeweils n\u00e4chsten Versteck suchen. Das Entdeckerspiel beginnt am 30. Juli und endet am 12. September und startet jeweils an der Werkstatt im Reiterspfad, wo erste Hinweise sowie die Entdeckerkarte zu finden sind. Am Entdeckerspiel kann jede\/r jederzeit teilnehmen. F\u00fcr das Entdeckerspiel ist keine Anmeldung erforderlich.<\/p>\n\n\n\n<h3 class=\"has-text-align-center wp-block-heading\"><em>Mehr Infos unter:<br><a href=\"https:\/\/is-obrigheim.de\/?p=231\u200e(\u00f6ffnet in neuem Tab)\"><strong>https:\/\/is-obrigheim.de\/?p=231\u200e(\u00f6ffnet in neuem Tab)<\/strong><\/a><\/em><\/h3>\n\n\n\n<div class=\"wp-block-image\"><figure class=\"aligncenter size-large\"><img decoding=\"async\" loading=\"lazy\" width=\"1024\" height=\"724\" src=\"https:\/\/is-obrigheim.de\/wp-content\/uploads\/2020\/07\/Entdeckerkarte-Obrigheim-1024x724.png\" alt=\"\" class=\"wp-image-250\" srcset=\"https:\/\/is-obrigheim.de\/wp-content\/uploads\/2020\/07\/Entdeckerkarte-Obrigheim-1024x724.png 1024w, https:\/\/is-obrigheim.de\/wp-content\/uploads\/2020\/07\/Entdeckerkarte-Obrigheim-300x212.png 300w, https:\/\/is-obrigheim.de\/wp-content\/uploads\/2020\/07\/Entdeckerkarte-Obrigheim-768x543.png 768w, https:\/\/is-obrigheim.de\/wp-content\/uploads\/2020\/07\/Entdeckerkarte-Obrigheim.png 1169w\" sizes=\"(max-width: 1024px) 100vw, 1024px\" \/><\/figure><\/div>\n\n\n\n<hr class=\"wp-block-separator\"\/>\n\n\n\n<p><strong>2) <u>Fre<\/u><\/strong><u><strong>itag, 31. Juli \u2013 18:00 &#8211; 19:30 Uhr &#8211; Die Werkstatt:<\/strong><\/u> <br>Bis zu 10 Jugendliche und Kinder ab 8 Jahre in der Werkstatt im Reiterspfad im Keller unter der Ernst-Ertl Halle. Hier k\u00f6nnt Ihr mit Holz, Pappe oder auch Metall bauen und basteln was immer Ihr wollt und auch nach Hause transportieren k\u00f6nnt! Mund-Nasenbedeckung mitbringen.<\/p>\n\n\n\n<div class=\"wp-block-image\"><figure class=\"aligncenter size-large\"><img decoding=\"async\" loading=\"lazy\" width=\"508\" height=\"245\" src=\"https:\/\/is-obrigheim.de\/wp-content\/uploads\/2020\/08\/Werkstattlogo-1.png\" alt=\"\" class=\"wp-image-319\" srcset=\"https:\/\/is-obrigheim.de\/wp-content\/uploads\/2020\/08\/Werkstattlogo-1.png 508w, https:\/\/is-obrigheim.de\/wp-content\/uploads\/2020\/08\/Werkstattlogo-1-300x145.png 300w\" sizes=\"(max-width: 508px) 100vw, 508px\" \/><\/figure><\/div>\n\n\n\n<hr class=\"wp-block-separator\"\/>\n\n\n\n<p class=\"has-text-color has-background has-very-dark-gray-color has-pale-cyan-blue-background-color\"><strong><u><strong>3)_Montag, 03. August &#8211; 9:45 \u2013 ca. 14 Uhr &#8211; Besuch des Narturparkzentrums in Eberbach:<\/strong><\/u> <\/strong><br>Bis zu 15 Personen ab 8 Jahren k\u00f6nnen an der Indoorf\u00fchrung des Narturparkzentrums in Eberbach teilnehmen. Treffpunkt am Bahnhof in Neckarelz um 9:45 Uhr. Kosten f\u00fcr die Bahnfahrt ca. 3 \u20ac. Weiter Infos und Anmeldung bei Claudia Waibel Tel.: 0172 7300795<\/p>\n\n\n\n<div class=\"wp-block-image\"><figure class=\"aligncenter size-large\"><img decoding=\"async\" loading=\"lazy\" width=\"1024\" height=\"416\" src=\"https:\/\/is-obrigheim.de\/wp-content\/uploads\/2020\/08\/Naturparkzentrum-1024x416.png\" alt=\"\" class=\"wp-image-306\" srcset=\"https:\/\/is-obrigheim.de\/wp-content\/uploads\/2020\/08\/Naturparkzentrum-1024x416.png 1024w, https:\/\/is-obrigheim.de\/wp-content\/uploads\/2020\/08\/Naturparkzentrum-300x122.png 300w, https:\/\/is-obrigheim.de\/wp-content\/uploads\/2020\/08\/Naturparkzentrum-768x312.png 768w, https:\/\/is-obrigheim.de\/wp-content\/uploads\/2020\/08\/Naturparkzentrum.png 1056w\" sizes=\"(max-width: 1024px) 100vw, 1024px\" \/><\/figure><\/div>\n\n\n\n<hr class=\"wp-block-separator\"\/>\n\n\n\n<p class=\"has-text-color has-background has-very-dark-gray-color has-very-light-gray-background-color\"><strong><u><strong>4)_Mittwoch, 05. August \u2013 10:00 Uhr &#8211; ca. 14 Uhr -Radtour zur Minneburg nach Guttenbach:<\/strong><\/u> <\/strong><br>Bis zu 15 behelmte Radfahrer ab 8 Jahren mit mindesten 2 Bar Druck in den Reifen und Verpflegung im Gep\u00e4ck treffen sich um 10:00 Uhr am Obrigheimer Pennymarkt. Von hier aus gehts entlang des Neckars ca. 10km nach Guttenbach. Nach Rast und Besichtigung der Minneburg gehts wieder zur\u00fcck nach Obrigheim. Weiter Infos und Anmeldung bei Claudia Waibel Tel.: 0172 7300795<\/p>\n\n\n\n<div class=\"wp-block-image\"><figure class=\"aligncenter size-large\"><img decoding=\"async\" loading=\"lazy\" width=\"1024\" height=\"372\" src=\"https:\/\/is-obrigheim.de\/wp-content\/uploads\/2020\/08\/Minneburg-Radfahrer-1024x372.png\" alt=\"\" class=\"wp-image-307\" srcset=\"https:\/\/is-obrigheim.de\/wp-content\/uploads\/2020\/08\/Minneburg-Radfahrer-1024x372.png 1024w, https:\/\/is-obrigheim.de\/wp-content\/uploads\/2020\/08\/Minneburg-Radfahrer-300x109.png 300w, https:\/\/is-obrigheim.de\/wp-content\/uploads\/2020\/08\/Minneburg-Radfahrer-768x279.png 768w, https:\/\/is-obrigheim.de\/wp-content\/uploads\/2020\/08\/Minneburg-Radfahrer-1536x558.png 1536w, https:\/\/is-obrigheim.de\/wp-content\/uploads\/2020\/08\/Minneburg-Radfahrer.png 1800w\" sizes=\"(max-width: 1024px) 100vw, 1024px\" \/><\/figure><\/div>\n\n\n\n<hr class=\"wp-block-separator\"\/>\n\n\n\n<p class=\"has-text-color has-background has-very-dark-gray-color has-pale-cyan-blue-background-color\"><strong><u><strong>5)_Freitag, 07. August \u2013 18:00 &#8211; 19:30 Uhr &#8211; Die Werkstatt:<\/strong><\/u> <\/strong><br>Bis zu 10 Jugendliche und Kinder ab 8 Jahre in der Werkstatt im Reiterspfad im Keller unter der Ernst-Ertl Halle. Hier k\u00f6nnt Ihr mit Holz, Pappe oder auch Metall bauen und basteln was immer Ihr wollt und auch nach Hause transportieren k\u00f6nnt! Mund-Nasenbedeckung mitbringen.<\/p>\n\n\n\n<div class=\"wp-block-image\"><figure class=\"aligncenter size-large\"><img decoding=\"async\" loading=\"lazy\" width=\"508\" height=\"245\" src=\"https:\/\/is-obrigheim.de\/wp-content\/uploads\/2020\/08\/Werkstattlogo-1.png\" alt=\"\" class=\"wp-image-319\" srcset=\"https:\/\/is-obrigheim.de\/wp-content\/uploads\/2020\/08\/Werkstattlogo-1.png 508w, https:\/\/is-obrigheim.de\/wp-content\/uploads\/2020\/08\/Werkstattlogo-1-300x145.png 300w\" sizes=\"(max-width: 508px) 100vw, 508px\" \/><\/figure><\/div>\n\n\n\n<hr class=\"wp-block-separator\"\/>\n\n\n\n<p class=\"has-text-color has-background has-very-dark-gray-color has-very-light-gray-background-color\"><strong><u><strong>6)_Montag 10. August \u2013 14:00 &#8211; ca. 17:00 Uhr &#8211; Wildnis pur \u2013 zu Fu\u00df durch die Luttenbachschlucht:<\/strong><\/u> <\/strong><br>Nicht weit entfernt vom Obrigheimer Schloss befindet sich die Schlucht, die der Luttenbach in den Karlsberg gegraben hat. Wild und urt\u00fcmlich ist die Schlucht nur was f\u00fcr robuste Wanderer ab 10 Jahre, die trittsicher \u00fcber Stock und Stein wandern und klettern k\u00f6nnen. Start um 14:00 Uhr am Obrigheimer Pennymarkt wo die Tour um ca. 17:00 Uhr auch wieder endet.<\/p>\n\n\n\n<div class=\"wp-block-image\"><figure class=\"aligncenter size-large is-resized\"><img decoding=\"async\" loading=\"lazy\" src=\"https:\/\/is-obrigheim.de\/wp-content\/uploads\/2020\/08\/Luttenbachschlucht-Bild-schmal.jpg\" alt=\"\" class=\"wp-image-308\" width=\"397\" height=\"357\" srcset=\"https:\/\/is-obrigheim.de\/wp-content\/uploads\/2020\/08\/Luttenbachschlucht-Bild-schmal.jpg 903w, https:\/\/is-obrigheim.de\/wp-content\/uploads\/2020\/08\/Luttenbachschlucht-Bild-schmal-300x270.jpg 300w, https:\/\/is-obrigheim.de\/wp-content\/uploads\/2020\/08\/Luttenbachschlucht-Bild-schmal-768x691.jpg 768w\" sizes=\"(max-width: 397px) 100vw, 397px\" \/><\/figure><\/div>\n\n\n\n<hr class=\"wp-block-separator\"\/>\n\n\n\n<p class=\"has-text-color has-background has-very-dark-gray-color has-pale-cyan-blue-background-color\"><strong><u><strong>7)_Freitag, 14. August \u2013 13:00 &#8211; ca. 19:00 Uhr &#8211; Event im Tal: Seilbahn, Riesenschaukel, Wiese, Wasser, Wald und mehr.<\/strong><\/u> <\/strong><br>Seit letzter Woche ist neben der Seilbahn auch die Riesenschaukel wieder im Kirstetter Tal installiert. Ab sofort stehen beide wieder f\u00fcr Veranstaltungen wie Vereinsfeiern oder Geburtstage zur Verf\u00fcgung. Bei Bedarf einfach bei uns melden. Am 14. August veranstalten wir das \u201eEvent im Tal\u201c, bei dem u.a. auch ein Kletterbaum und eine Wasserrutsche geplant sind. Die Gelegenheit f\u00fcr alle Eltern, die schon immer mal mit ihren Kindern Seilbahnfahren wollten.<\/p>\n\n\n\n<div class=\"wp-block-image\"><figure class=\"aligncenter size-large is-resized\"><img decoding=\"async\" loading=\"lazy\" src=\"https:\/\/is-obrigheim.de\/wp-content\/uploads\/2020\/08\/Riesenschaukel.jpg\" alt=\"\" class=\"wp-image-309\" width=\"316\" height=\"281\" srcset=\"https:\/\/is-obrigheim.de\/wp-content\/uploads\/2020\/08\/Riesenschaukel.jpg 750w, https:\/\/is-obrigheim.de\/wp-content\/uploads\/2020\/08\/Riesenschaukel-300x266.jpg 300w\" sizes=\"(max-width: 316px) 100vw, 316px\" \/><\/figure><\/div>\n\n\n\n<hr class=\"wp-block-separator\"\/>\n\n\n\n<p class=\"has-text-color has-background has-very-dark-gray-color has-very-light-gray-background-color\"><strong><u><strong>8)_Mittwoch, 19. August \u2013 15:00 Uhr \u2013 ca. 18:00Uhr- Cleanup: <\/strong><\/u><\/strong><br><strong><u><strong>Suchen was andere \u201everloren\u201c haben.<\/strong><\/u><\/strong><br>Bei diesem \u201eSuchspiel\u201c verlassen wir uns ganz auf jene, die in Wald und Flur etwas \u201everloren\u201c haben, das wir nun suchen und wieder einsammeln wollen. Je nach Teilnehmerzahl und Transportm\u00f6glichkeiten, werden wir an verschiedenen Stra\u00dfen und Pl\u00e4tzen in Obrigheim, M\u00f6rtelstein und Asbach unterwegs sein. Mitmachen kann grunds\u00e4tzlich jeder ab 10 Jahre, j\u00fcngere Kinder auch in Begleitung Erwachsener, gerne auch mit eigenem Fahrzeug. Hierzu k\u00f6nnen uns gerne noch Orte genannt werden, wo sich die \u201eSuche\u201c lohnen w\u00fcrde. Die Entsorgung der \u201eFundsachen\u201c \u00fcbernimmt der Obrigheimer Bauhof. Teilnehmerzahl abh\u00e4ngig von den R\u00fcckmeldungen.<\/p>\n\n\n\n<div class=\"wp-block-image\"><figure class=\"aligncenter size-large is-resized\"><img decoding=\"async\" loading=\"lazy\" src=\"https:\/\/is-obrigheim.de\/wp-content\/uploads\/2020\/08\/M\u00fclleimer-1.png\" alt=\"\" class=\"wp-image-311\" width=\"219\" height=\"296\" srcset=\"https:\/\/is-obrigheim.de\/wp-content\/uploads\/2020\/08\/M\u00fclleimer-1.png 488w, https:\/\/is-obrigheim.de\/wp-content\/uploads\/2020\/08\/M\u00fclleimer-1-222x300.png 222w\" sizes=\"(max-width: 219px) 100vw, 219px\" \/><\/figure><\/div>\n\n\n\n<hr class=\"wp-block-separator\"\/>\n\n\n\n<p class=\"has-text-color has-background has-very-dark-gray-color has-pale-cyan-blue-background-color\"><strong><u><strong>9)_Freitag, 21. August \u2013 18:00 &#8211; 19:30Uhr &#8211; Die Werkstatt:<\/strong><\/u><\/strong><br>Bis zu 10 Jugendliche und Kinder ab 8 Jahre in der Werkstatt im Reiterspfad im Keller unter der Ernst-Ertl Halle. Hier k\u00f6nnt Ihr mit Holz, Pappe oder auch Metall bauen und basteln was immer Ihr wollt und auch nach Hause transportieren k\u00f6nnt! Mund-Nasenbedeckung mitbringen.<\/p>\n\n\n\n<div class=\"wp-block-image\"><figure class=\"aligncenter size-large\"><img decoding=\"async\" loading=\"lazy\" width=\"508\" height=\"245\" src=\"https:\/\/is-obrigheim.de\/wp-content\/uploads\/2020\/08\/Werkstattlogo-1.png\" alt=\"\" class=\"wp-image-319\" srcset=\"https:\/\/is-obrigheim.de\/wp-content\/uploads\/2020\/08\/Werkstattlogo-1.png 508w, https:\/\/is-obrigheim.de\/wp-content\/uploads\/2020\/08\/Werkstattlogo-1-300x145.png 300w\" sizes=\"(max-width: 508px) 100vw, 508px\" \/><\/figure><\/div>\n\n\n\n<hr class=\"wp-block-separator\"\/>\n\n\n\n<p class=\"has-text-color has-background has-very-dark-gray-color has-very-light-gray-background-color\"><strong><u><strong>10)_Freitag 28. August \u2013 13:00Uhr bis ca. 19:00 Uhr Wanderung auf historischen Pfaden:<\/strong><\/u><\/strong><br>2003 fand das erste Ferienprogramm der Werkstatt statt. Damals starteten wir von der, mittlerweile ja abgerissenen Werkstatt zu Fu\u00df in Richtung Hexentanzplatz, wo wir auf dem sogenannten M\u00fcllerweg, der alten Stra\u00dfe zwischen Obrigheim und M\u00f6rtelstein, entlang der ehemaligen Bahnstrecke durch die beiden Tunnels bis nach Asbach marschierten. Der R\u00fcckweg f\u00fchrte uns \u00fcber den TECHNO-Park ins Kirstetter Tal zur Seilbahn, die damals ihre Pr\u00e4miere hatte. Diese Route wollen wir nach 17 Jahren mit Start an der neuen Werkstatt im Reiterspfad nun erneut begehen, auch wenn der lange Tunnel nach Asbach inzwischen nicht mehr durchquert werden kann. Im Muschelkalk entlang der Strecke gibt es au\u00dferdem die M\u00f6glichkeit, versteinerte Fossilien zu finden &#8211; also Hammer nicht vergessen. Ende der Wanderung bei der Seilbahn im Kirstetter Tal von wo die Wanderer nach ausgiebigem Seilbahnfahren und Riesenschaukeln wieder abgeholt werden k\u00f6nnen.<\/p>\n\n\n\n<div class=\"wp-block-image\"><figure class=\"aligncenter size-large is-resized\"><img decoding=\"async\" loading=\"lazy\" src=\"https:\/\/is-obrigheim.de\/wp-content\/uploads\/2020\/07\/M\u00f6rtelsteiner-Tunnel-1024x681.png\" alt=\"\" class=\"wp-image-304\" width=\"512\" height=\"340\" srcset=\"https:\/\/is-obrigheim.de\/wp-content\/uploads\/2020\/07\/M\u00f6rtelsteiner-Tunnel-1024x681.png 1024w, https:\/\/is-obrigheim.de\/wp-content\/uploads\/2020\/07\/M\u00f6rtelsteiner-Tunnel-300x199.png 300w, https:\/\/is-obrigheim.de\/wp-content\/uploads\/2020\/07\/M\u00f6rtelsteiner-Tunnel-768x511.png 768w, https:\/\/is-obrigheim.de\/wp-content\/uploads\/2020\/07\/M\u00f6rtelsteiner-Tunnel.png 1504w\" sizes=\"(max-width: 512px) 100vw, 512px\" \/><\/figure><\/div>\n\n\n\n<hr class=\"wp-block-separator\"\/>\n\n\n\n<p><strong>F\u00fcr die schriftliche Anmeldung ben\u00f6tigen wir folgende Informationen:<\/strong><\/p>\n\n\n\n<ul><li><strong>Name und Alter des Teilnehmers<\/strong><\/li><li><strong>Termin <\/strong><strong>und Angebot <\/strong><strong>an dem Er oder Sie teilnehmen m\u00f6chte<\/strong><\/li><li><strong>Telefonnummer oder E-Mail <\/strong><strong>f\u00fcr unsere R\u00fcckmeldung<\/strong><\/li><\/ul>\n\n\n\n<div class=\"wp-block-file\"><a href=\"https:\/\/is-obrigheim.de\/wp-content\/uploads\/2020\/07\/Anmeldefromular-iS-Ferienprogramm-2020.pdf\">Anmeldeformular-iS-Ferienprogramm-2020<\/a><a href=\"https:\/\/is-obrigheim.de\/wp-content\/uploads\/2020\/07\/Anmeldefromular-iS-Ferienprogramm-2020.pdf\" class=\"wp-block-file__button\" download>Herunterladen<\/a><\/div>\n\n\n\n<p><strong>Wie kann man sich anmelden?<\/strong><\/p>\n\n\n\n<ul><li><strong>Mit <\/strong><strong>Z<\/strong><strong>ettel in <\/strong><strong>Briefkasten an der Werkstatt <\/strong><strong>im Reiterspfad<\/strong><\/li><li><strong>Per <\/strong><strong>Handy<\/strong><strong>: <\/strong><strong>Claudia Waibel <\/strong><strong>0172 7300795<\/strong><\/li><li><strong>Per e-Mail an Jochen.Krieger@is-origheim.de<\/strong><\/li><\/ul>\n","protected":false},"excerpt":{"rendered":"<p>oder&#8220;Was macht Ihr denn so in den Ferien?&#8221; In den letzten Wochen haben sich einige Obrigheimer ideenSchmiede zusammengefunden, um zu diskutieren, welche Aktivit\u00e4ten wir den Daheimgebliebenen in den Sommerferien anbieten k\u00f6nnten. Herausgekommen ist das folgende Angebot, f\u00fcr das man sich ab sofort anmelden kann (Kontaktdaten siehe unten). 1) 30. Juli bis 12. September &#8211; Obrigheimer [&hellip;]<\/p>\n","protected":false},"author":2,"featured_media":0,"comment_status":"closed","ping_status":"closed","sticky":false,"template":"","format":"standard","meta":[],"categories":[4,3],"tags":[15,7,22,14,18,17,20,19,16,21,8],"_links":{"self":[{"href":"https:\/\/is-obrigheim.de\/index.php?rest_route=\/wp\/v2\/posts\/254"}],"collection":[{"href":"https:\/\/is-obrigheim.de\/index.php?rest_route=\/wp\/v2\/posts"}],"about":[{"href":"https:\/\/is-obrigheim.de\/index.php?rest_route=\/wp\/v2\/types\/post"}],"author":[{"embeddable":true,"href":"https:\/\/is-obrigheim.de\/index.php?rest_route=\/wp\/v2\/users\/2"}],"replies":[{"embeddable":true,"href":"https:\/\/is-obrigheim.de\/index.php?rest_route=%2Fwp%2Fv2%2Fcomments&post=254"}],"version-history":[{"count":32,"href":"https:\/\/is-obrigheim.de\/index.php?rest_route=\/wp\/v2\/posts\/254\/revisions"}],"predecessor-version":[{"id":431,"href":"https:\/\/is-obrigheim.de\/index.php?rest_route=\/wp\/v2\/posts\/254\/revisions\/431"}],"wp:attachment":[{"href":"https:\/\/is-obrigheim.de\/index.php?rest_route=%2Fwp%2Fv2%2Fmedia&parent=254"}],"wp:term":[{"taxonomy":"category","embeddable":true,"href":"https:\/\/is-obrigheim.de\/index.php?rest_route=%2Fwp%2Fv2%2Fcategories&post=254"},{"taxonomy":"post_tag","embeddable":true,"href":"https:\/\/is-obrigheim.de\/index.php?rest_route=%2Fwp%2Fv2%2Ftags&post=254"}],"curies":[{"name":"wp","href":"https:\/\/api.w.org\/{rel}","templated":true}]}}