{"id":82,"date":"2020-01-09T17:14:26","date_gmt":"2020-01-09T17:14:26","guid":{"rendered":"http:\/\/is-obrigheim.de\/?p=82"},"modified":"2020-07-25T17:20:05","modified_gmt":"2020-07-25T17:20:05","slug":"am-freitag-17-januar-startet-die-werkstatt-im-reiterspfad","status":"publish","type":"post","link":"https:\/\/is-obrigheim.de\/?p=82","title":{"rendered":"Am Freitag 17. Januar 2020 startet die Werkstatt im Reiterspfad"},"content":{"rendered":"\n<h2 class=\"wp-block-heading\"><strong>Am Freitag 17. Januar 2020 startet die Werkstatt im Reiterspfad<\/strong><\/h2>\n\n\n\n<p>Am letzten Samstag des alten Jahres (2019) wurde die alte Werkstatt von insgesamt 19 engagierten Helfern in den Reiterspfad umgezogen und W\u00e4nde und Decken der neuen Werkstatt gestrichen. Seither steht das gesamte Werkstattinventar kreuz und quer im Material- und Lagerraum in der neuen Werkstatt im Keller der Ernst-Ertl-Halle.  Nachdem nun auch der Fu\u00dfboden des Werkraums auf einer Fl\u00e4che von 12 qm erneuert wurde und die Beleuchtung im Werkraum und Maschinenraum komplett ist, k\u00f6nnen wir nun mit dem Einrichten des Werkraums und des Maschinenraums beginnen.  Bis Freitag 17. Januar sollte die Werkstatt dann wieder Einsatzbereit sein.  <\/p>\n\n\n\n<h3 class=\"wp-block-heading\">\n<strong>Die\nWerkstatt!<\/strong><\/h3>\n\n\n\n<p> <strong>Handwerk und mehr! F\u00fcr Kids und Jugendliche von 8 bis 88!<\/strong><\/p>\n\n\n\n<p><\/p>\n\n\n\n<p> Jeweils freitags von 18:00 bis 19:30Uhr.  Ab 17. Januar 2020 in der Neuen Werkstatt im Keller der Ernst-Ertl-Halle im Reiterspfad.  Einfach vorbeikommen und mitmachen.<\/p>\n\n\n\n<p> Jochen Krieger (Tel.: 69225 e-Mail: Jochen.Krieger@is-obrigheim.de) und Bernd Fritz (Tel: 61378)  <\/p>\n","protected":false},"excerpt":{"rendered":"<p>Am Freitag 17. Januar 2020 startet die Werkstatt im Reiterspfad Am letzten Samstag des alten Jahres (2019) wurde die alte Werkstatt von insgesamt 19 engagierten Helfern in den Reiterspfad umgezogen und W\u00e4nde und Decken der neuen Werkstatt gestrichen. Seither steht das gesamte Werkstattinventar kreuz und quer im Material- und Lagerraum in der neuen Werkstatt im [&hellip;]<\/p>\n","protected":false},"author":2,"featured_media":0,"comment_status":"closed","ping_status":"closed","sticky":false,"template":"","format":"standard","meta":[],"categories":[3],"tags":[],"_links":{"self":[{"href":"https:\/\/is-obrigheim.de\/index.php?rest_route=\/wp\/v2\/posts\/82"}],"collection":[{"href":"https:\/\/is-obrigheim.de\/index.php?rest_route=\/wp\/v2\/posts"}],"about":[{"href":"https:\/\/is-obrigheim.de\/index.php?rest_route=\/wp\/v2\/types\/post"}],"author":[{"embeddable":true,"href":"https:\/\/is-obrigheim.de\/index.php?rest_route=\/wp\/v2\/users\/2"}],"replies":[{"embeddable":true,"href":"https:\/\/is-obrigheim.de\/index.php?rest_route=%2Fwp%2Fv2%2Fcomments&post=82"}],"version-history":[{"count":6,"href":"https:\/\/is-obrigheim.de\/index.php?rest_route=\/wp\/v2\/posts\/82\/revisions"}],"predecessor-version":[{"id":98,"href":"https:\/\/is-obrigheim.de\/index.php?rest_route=\/wp\/v2\/posts\/82\/revisions\/98"}],"wp:attachment":[{"href":"https:\/\/is-obrigheim.de\/index.php?rest_route=%2Fwp%2Fv2%2Fmedia&parent=82"}],"wp:term":[{"taxonomy":"category","embeddable":true,"href":"https:\/\/is-obrigheim.de\/index.php?rest_route=%2Fwp%2Fv2%2Fcategories&post=82"},{"taxonomy":"post_tag","embeddable":true,"href":"https:\/\/is-obrigheim.de\/index.php?rest_route=%2Fwp%2Fv2%2Ftags&post=82"}],"curies":[{"name":"wp","href":"https:\/\/api.w.org\/{rel}","templated":true}]}}