{"id":914,"date":"2023-12-19T12:43:33","date_gmt":"2023-12-19T12:43:33","guid":{"rendered":"https:\/\/is-obrigheim.de\/?p=914"},"modified":"2023-12-19T12:46:05","modified_gmt":"2023-12-19T12:46:05","slug":"21-jahre-die-werkstatt-2002-bis-2023","status":"publish","type":"post","link":"https:\/\/is-obrigheim.de\/?p=914","title":{"rendered":"21 Jahre  &#8220;Die Werkstatt&#8221;:  2002 bis 2023"},"content":{"rendered":"<p style=\"text-align: center;\"><strong>&#8220;Handwerk und mehr f\u00fcr Kids und Jugendliche von 8 bis 88&#8221; \u2013 seit 2002<\/strong><\/p>\n<p style=\"text-align: center;\">\u00a0\u00a0\u00a0 Alles begann mit der Gr\u00fcndung der ideenSchmiede Obrigheim e.V., als gemeinn\u00fctziger Verein zur \u201eF\u00f6rderung der Erziehung, Volks- und Berufsbildung einschlie\u00dflich der Studentenhilfe\u201c im Jahre 2000. Bei unserer ersten Teilnahme am Sommerferienprogramm der Gemeinde Obrigheim bastelten wir mit den Kindern die damals schwer angesagten \u201ePok\u00e9mons\u201c aus allerlei Materialien wie Kastanien, Korken, Schraubverschl\u00fcssen und dergleichen mehr in R\u00e4umlichkeiten der Realschule Obrigheim. Auch auf unserem ersten Stand am Obrigheimer Kiliansmarkt boten wir den j\u00fcngeren Marktbesuchern die M\u00f6glichkeit, an unserem Basteltisch kostenlos kreativ t\u00e4tig zu werden. Im Jahre 2002 ergab sich dann die Gelegenheit, diese bislang einmaligen Angebote regelm\u00e4\u00dfig anbieten zu k\u00f6nnen, als der damalige evangelische Pfarrer den Weg bereitete, eine neue Jugendgruppe unter dem Dach der evangelischen Kirchengemeinde einzurichten. Was vom Pfarrer zun\u00e4chst als Pfadfindergruppe angedacht war, wurde letztendlich als \u201eWerkstattgruppe\u201c definiert. Im September 2002 fand dann die erste Werkstatt im evangelischen Gemeindesaal statt, die damals jeweils dienstags von 18.00 bis 19.30 Uhr Kinder und Jugendliche ab 8 Jahren zum Werkeln einlud. Da wir am Anfang weder Werkzeug noch Materialien hatten, beschafften wir f\u00fcr die ersten Werkstattstunden Ton aus einer alten Tongrube, mit dem wir auf Tischen im Pfarrsaal die ersten Skulpturen modellierten. Mit Zeitungspapier und Tapetenkleister machten wir auch Pappmaschee und formten daraus Faschingsmasken, die auf dem ersten Gruppenbild aus der Werkstatt im Pfarrsaal zu erkennen sind.<\/p>\n<p><img decoding=\"async\" loading=\"lazy\" class=\" wp-image-915 alignright\" src=\"https:\/\/is-obrigheim.de\/wp-content\/uploads\/2023\/12\/Werkstatt-2002-2019-212x300.jpg\" alt=\"\" width=\"259\" height=\"367\" srcset=\"https:\/\/is-obrigheim.de\/wp-content\/uploads\/2023\/12\/Werkstatt-2002-2019-212x300.jpg 212w, https:\/\/is-obrigheim.de\/wp-content\/uploads\/2023\/12\/Werkstatt-2002-2019-724x1024.jpg 724w, https:\/\/is-obrigheim.de\/wp-content\/uploads\/2023\/12\/Werkstatt-2002-2019-768x1086.jpg 768w, https:\/\/is-obrigheim.de\/wp-content\/uploads\/2023\/12\/Werkstatt-2002-2019.jpg 794w\" sizes=\"(max-width: 259px) 100vw, 259px\" \/><\/p>\n<p style=\"text-align: center;\">Auch wenn wir stets bem\u00fcht waren, den Pfarrsaal wieder sauber zu verlassen, so waren unsere \u201eFu\u00dfspuren\u201c im Pfarrsaal wohl auch eine Motivation daf\u00fcr, uns 2003 neue R\u00e4umlichkeiten au\u00dferhalb des Pfarrsaals anzubieten. Ein Raum im sogenannten \u201eWei\u00dfen H\u00e4uschen\u201c, in dem zuvor der \u201eObrigheimer Freundeskreis\u201c untergebracht war, sollte fortan unsere Wirkungsst\u00e4tte sein. Jetzt hatten wir Platz f\u00fcr eigene Tische und Schr\u00e4nke sowie f\u00fcr Material und Werkzeug, das wir uns nach und nach zusammensammelten oder auch selbst herstellten. W\u00e4hrend die Kosten f\u00fcr Geb\u00e4ude, Strom, Wasser und Heizung von der Kirchengemeinde getragen wurden, war der Betrieb und die Finanzierung der Werkstatt von Beginn an unsere Sache. Da das Werkeln in der Werkstatt grunds\u00e4tzlich kostenlos war und noch immer ist, waren und sind wir zum Betrieb der Werkstatt auf ehrenamtliches Engagement sowie Sach- und Geldspenden zur Beschaffung von M\u00f6bel, Material und Werkzeug angewiesen. Im Fr\u00fchjahr 2014 wurde das gesamte Anwesen zwischen Schillerstra\u00dfe und Langenrainstra\u00dfe mit Kindergarten, Jugendhaus und \u201eunserer Werkstatt\u201c von der evangelischen Kirchengemeinde an die Gemeinde Obrigheim verkauft. Der Werkstattbetrieb konnte aber zun\u00e4chst wie gewohnt weitergehen. Im Rahmen der erforderlichen Erweiterungsma\u00dfnahmen des benachbarten evangelischen Kindergartens waren jedoch die Tage \u201eunseres alten Werkstattgeb\u00e4udes\u201c gez\u00e4hlt. Nach l\u00e4ngerer Suche nach einer neuen Bleibe f\u00fcr die Werkstatt wurden uns am 8. Mai 2019 Kellerr\u00e4ume unter der Ernst-Ertl-Halle zum \u201edauernden Verbleib\u201c von der Gemeinde Obrigheim mietfrei angeboten, die wir dankend annahmen. Nach Renovierungsarbeiten und der Neuinstallation der Elektro- und Wasseranschl\u00fcsse konnten wir Ende Dezember 2019 in die neue Werkstatt im Reiterspfad umziehen. Seit Januar 2020 befindet sich damit die Werkstatt im Reiterspfad, wo wir jeweils freitags von 18.00 bis 19.30 Uhr am Basteln und Werkeln sind.<\/p>\n<p>&nbsp;<\/p>\n<div id=\"attachment_444\" style=\"width: 310px\" class=\"wp-caption aligncenter\"><img aria-describedby=\"caption-attachment-444\" decoding=\"async\" loading=\"lazy\" class=\"wp-image-444 size-medium\" src=\"https:\/\/is-obrigheim.de\/wp-content\/uploads\/2020\/08\/Werkstatt-im-Reiterspfad-Januar-2020-300x178.png\" alt=\"\" width=\"300\" height=\"178\" srcset=\"https:\/\/is-obrigheim.de\/wp-content\/uploads\/2020\/08\/Werkstatt-im-Reiterspfad-Januar-2020-300x178.png 300w, https:\/\/is-obrigheim.de\/wp-content\/uploads\/2020\/08\/Werkstatt-im-Reiterspfad-Januar-2020.png 522w\" sizes=\"(max-width: 300px) 100vw, 300px\" \/><p id=\"caption-attachment-444\" class=\"wp-caption-text\">die Werkstatt im Reiterspfad im Januar 2020<\/p><\/div>\n<p>&nbsp;<\/p>\n<p style=\"text-align: center;\"><strong>Die Werkstatt<br \/>\n<\/strong><strong>&#8220;Handwerk und mehr f\u00fcr Kids und Jugendliche von 8 bis 88&#8221;<\/strong><\/p>\n","protected":false},"excerpt":{"rendered":"<p>&#8220;Handwerk und mehr f\u00fcr Kids und Jugendliche von 8 bis 88&#8221; \u2013 seit 2002 \u00a0\u00a0\u00a0 Alles begann mit der Gr\u00fcndung der ideenSchmiede Obrigheim e.V., als gemeinn\u00fctziger Verein zur \u201eF\u00f6rderung der Erziehung, Volks- und Berufsbildung einschlie\u00dflich der Studentenhilfe\u201c im Jahre 2000. Bei unserer ersten Teilnahme am Sommerferienprogramm der Gemeinde Obrigheim bastelten wir mit den Kindern die [&hellip;]<\/p>\n","protected":false},"author":2,"featured_media":0,"comment_status":"open","ping_status":"open","sticky":false,"template":"","format":"standard","meta":[],"categories":[4,3],"tags":[53,54,51,6,23,52,8],"_links":{"self":[{"href":"https:\/\/is-obrigheim.de\/index.php?rest_route=\/wp\/v2\/posts\/914"}],"collection":[{"href":"https:\/\/is-obrigheim.de\/index.php?rest_route=\/wp\/v2\/posts"}],"about":[{"href":"https:\/\/is-obrigheim.de\/index.php?rest_route=\/wp\/v2\/types\/post"}],"author":[{"embeddable":true,"href":"https:\/\/is-obrigheim.de\/index.php?rest_route=\/wp\/v2\/users\/2"}],"replies":[{"embeddable":true,"href":"https:\/\/is-obrigheim.de\/index.php?rest_route=%2Fwp%2Fv2%2Fcomments&post=914"}],"version-history":[{"count":12,"href":"https:\/\/is-obrigheim.de\/index.php?rest_route=\/wp\/v2\/posts\/914\/revisions"}],"predecessor-version":[{"id":927,"href":"https:\/\/is-obrigheim.de\/index.php?rest_route=\/wp\/v2\/posts\/914\/revisions\/927"}],"wp:attachment":[{"href":"https:\/\/is-obrigheim.de\/index.php?rest_route=%2Fwp%2Fv2%2Fmedia&parent=914"}],"wp:term":[{"taxonomy":"category","embeddable":true,"href":"https:\/\/is-obrigheim.de\/index.php?rest_route=%2Fwp%2Fv2%2Fcategories&post=914"},{"taxonomy":"post_tag","embeddable":true,"href":"https:\/\/is-obrigheim.de\/index.php?rest_route=%2Fwp%2Fv2%2Ftags&post=914"}],"curies":[{"name":"wp","href":"https:\/\/api.w.org\/{rel}","templated":true}]}}